{"id":82,"date":"2017-11-07T20:02:33","date_gmt":"2017-11-07T22:02:33","guid":{"rendered":"https:\/\/terra.ufpr.br\/analiseambiental\/?p=82"},"modified":"2017-11-07T20:03:16","modified_gmt":"2017-11-07T22:03:16","slug":"analise-do-meio-socioeconomico-nos-estudos-ambientais","status":"publish","type":"post","link":"https:\/\/terra.ufpr.br\/analiseambiental\/analise-do-meio-socioeconomico-nos-estudos-ambientais\/","title":{"rendered":"An\u00e1lise do Meio Socioecon\u00f4mico nos Estudos Ambientais"},"content":{"rendered":"<p><strong>Professora:<\/strong>\u00a0MSc. Rossana Ribeiro Ciminelli<\/p>\n<p><strong>Carga Hor\u00e1ria:<\/strong>\u00a024 horas &#8211; 16 horas te\u00f3ricas e 08 horas pr\u00e1ticas<\/p>\n<p><strong>Ementa:<\/strong><\/p>\n<ul>\n<li>Evolu\u00e7\u00e3o das demandas em termos socioecon\u00f4micos nos licenciamentos ambientais no Brasil.<\/li>\n<li>Principais tem\u00e1ticas socioecon\u00f4micas a serem abordadas nos processos de licenciamento ambiental.<\/li>\n<li>Fontes de dados secund\u00e1rios dispon\u00edveis, possibilidades de uso e suas limita\u00e7\u00f5es.<\/li>\n<li>A relev\u00e2ncia do trabalho de campo e a intera\u00e7\u00e3o com as comunidades diretamente afetadas.<\/li>\n<li>A defini\u00e7\u00e3o de impactos e programas socioambientais.<\/li>\n<li>Avalia\u00e7\u00e3o pr\u00e1tica da inser\u00e7\u00e3o da socioeconomia em alguns processos de licenciamento ambiental.<\/li>\n<\/ul>\n","protected":false},"excerpt":{"rendered":"<p>Professora:\u00a0MSc. Rossana Ribeiro Ciminelli Carga Hor\u00e1ria:\u00a024 horas &#8211; 16 horas te\u00f3ricas e 08 horas pr\u00e1ticas Ementa: Evolu\u00e7\u00e3o das demandas em termos socioecon\u00f4micos nos licenciamentos ambientais no Brasil. Principais tem\u00e1ticas socioecon\u00f4micas a serem abordadas nos processos de licenciamento ambiental. Fontes de dados secund\u00e1rios dispon\u00edveis, possibilidades de uso e suas limita\u00e7\u00f5es. A relev\u00e2ncia do trabalho de campo [&hellip;]<\/p>\n","protected":false},"author":1317,"featured_media":0,"comment_status":"open","ping_status":"open","sticky":false,"template":"","format":"standard","meta":{"footnotes":""},"categories":[5],"tags":[],"class_list":["post-82","post","type-post","status-publish","format-standard","hentry","category-disciplina"],"_links":{"self":[{"href":"https:\/\/terra.ufpr.br\/analiseambiental\/wp-json\/wp\/v2\/posts\/82"}],"collection":[{"href":"https:\/\/terra.ufpr.br\/analiseambiental\/wp-json\/wp\/v2\/posts"}],"about":[{"href":"https:\/\/terra.ufpr.br\/analiseambiental\/wp-json\/wp\/v2\/types\/post"}],"author":[{"embeddable":true,"href":"https:\/\/terra.ufpr.br\/analiseambiental\/wp-json\/wp\/v2\/users\/1317"}],"replies":[{"embeddable":true,"href":"https:\/\/terra.ufpr.br\/analiseambiental\/wp-json\/wp\/v2\/comments?post=82"}],"version-history":[{"count":1,"href":"https:\/\/terra.ufpr.br\/analiseambiental\/wp-json\/wp\/v2\/posts\/82\/revisions"}],"predecessor-version":[{"id":83,"href":"https:\/\/terra.ufpr.br\/analiseambiental\/wp-json\/wp\/v2\/posts\/82\/revisions\/83"}],"wp:attachment":[{"href":"https:\/\/terra.ufpr.br\/analiseambiental\/wp-json\/wp\/v2\/media?parent=82"}],"wp:term":[{"taxonomy":"category","embeddable":true,"href":"https:\/\/terra.ufpr.br\/analiseambiental\/wp-json\/wp\/v2\/categories?post=82"},{"taxonomy":"post_tag","embeddable":true,"href":"https:\/\/terra.ufpr.br\/analiseambiental\/wp-json\/wp\/v2\/tags?post=82"}],"curies":[{"name":"wp","href":"https:\/\/api.w.org\/{rel}","templated":true}]}}