{"id":1012,"date":"2019-10-09T14:40:51","date_gmt":"2019-10-09T17:40:51","guid":{"rendered":"https:\/\/terra.ufpr.br\/laboclima\/?p=1012"},"modified":"2019-10-09T14:42:04","modified_gmt":"2019-10-09T17:42:04","slug":"debate-sobre-as-mudancas-climaticas-globais-na-ufpr-tv","status":"publish","type":"post","link":"https:\/\/terra.ufpr.br\/laboclima\/2019\/10\/09\/debate-sobre-as-mudancas-climaticas-globais-na-ufpr-tv\/","title":{"rendered":"Debate sobre as Mudan\u00e7as Clim\u00e1ticas Globais na UFPR TV"},"content":{"rendered":"\n<p>Na edi\u00e7\u00e3o do programa UFPR Especial do dia 16 de setembro de 2019, a UFPR TV apresentou um debate com a presen\u00e7a do professor Dr. Francisco de Assis Mendon\u00e7a, Pr\u00f3-reitor de Pesquisa e P\u00f3s-gradua\u00e7\u00e3o da UFPR e membro\/coordenador do Laboclima, falando a respeito da forma\u00e7\u00e3o cient\u00edfica, das Mudan\u00e7as Clim\u00e1ticas Globais e a import\u00e2ncia da Floresta Amaz\u00f4nica nesse contexto. Tamb\u00e9m est\u00e3o presentes no debate os professores Dr. Carlos Sanquetta (Engrenharia Florestal \u2013 UFPR) e Dr. Ricardo Godoi (Engenharia Ambiental \u2013 UFPR).<\/p>\n\n\n\n<p>O link do v\u00eddeo pode ser acessado <a href=\"https:\/\/www.youtube.com\/watch?v=RfJaufwcYk8\">AQUI<\/a>.<\/p>\n\n\n\n<figure class=\"wp-block-image\"><img loading=\"lazy\" decoding=\"async\" width=\"1024\" height=\"562\" src=\"https:\/\/terra.ufpr.br\/laboclima\/wp-content\/uploads\/sites\/3\/2019\/10\/ufpr-tv-1024x562.png\" alt=\"\" class=\"wp-image-1015\" srcset=\"https:\/\/terra.ufpr.br\/laboclima\/wp-content\/uploads\/sites\/3\/2019\/10\/ufpr-tv-1024x562.png 1024w, https:\/\/terra.ufpr.br\/laboclima\/wp-content\/uploads\/sites\/3\/2019\/10\/ufpr-tv-300x165.png 300w, https:\/\/terra.ufpr.br\/laboclima\/wp-content\/uploads\/sites\/3\/2019\/10\/ufpr-tv-768x421.png 768w, https:\/\/terra.ufpr.br\/laboclima\/wp-content\/uploads\/sites\/3\/2019\/10\/ufpr-tv.png 1234w\" sizes=\"(max-width: 1024px) 100vw, 1024px\" \/><\/figure>\n\n\n\n<p> UFPR Especial | Mudan\u00e7as clim\u00e1ticas globais, 47 minutos e 17 segundos. <\/p>\n","protected":false},"excerpt":{"rendered":"<p>Na edi\u00e7\u00e3o do programa UFPR Especial do dia 16 de setembro de 2019, a UFPR TV apresentou um debate com a presen\u00e7a do professor Dr. Francisco de Assis Mendon\u00e7a, Pr\u00f3-reitor de Pesquisa e P\u00f3s-gradua\u00e7\u00e3o da UFPR e membro\/coordenador do Laboclima, falando a respeito da forma\u00e7\u00e3o cient\u00edfica, das Mudan\u00e7as Clim\u00e1ticas Globais e a import\u00e2ncia da Floresta [&hellip;]<\/p>\n","protected":false},"author":1324,"featured_media":1015,"comment_status":"open","ping_status":"open","sticky":true,"template":"","format":"standard","meta":{"footnotes":""},"categories":[4],"tags":[],"class_list":["post-1012","post","type-post","status-publish","format-standard","has-post-thumbnail","hentry","category-noticia"],"_links":{"self":[{"href":"https:\/\/terra.ufpr.br\/laboclima\/wp-json\/wp\/v2\/posts\/1012"}],"collection":[{"href":"https:\/\/terra.ufpr.br\/laboclima\/wp-json\/wp\/v2\/posts"}],"about":[{"href":"https:\/\/terra.ufpr.br\/laboclima\/wp-json\/wp\/v2\/types\/post"}],"author":[{"embeddable":true,"href":"https:\/\/terra.ufpr.br\/laboclima\/wp-json\/wp\/v2\/users\/1324"}],"replies":[{"embeddable":true,"href":"https:\/\/terra.ufpr.br\/laboclima\/wp-json\/wp\/v2\/comments?post=1012"}],"version-history":[{"count":3,"href":"https:\/\/terra.ufpr.br\/laboclima\/wp-json\/wp\/v2\/posts\/1012\/revisions"}],"predecessor-version":[{"id":1038,"href":"https:\/\/terra.ufpr.br\/laboclima\/wp-json\/wp\/v2\/posts\/1012\/revisions\/1038"}],"wp:featuredmedia":[{"embeddable":true,"href":"https:\/\/terra.ufpr.br\/laboclima\/wp-json\/wp\/v2\/media\/1015"}],"wp:attachment":[{"href":"https:\/\/terra.ufpr.br\/laboclima\/wp-json\/wp\/v2\/media?parent=1012"}],"wp:term":[{"taxonomy":"category","embeddable":true,"href":"https:\/\/terra.ufpr.br\/laboclima\/wp-json\/wp\/v2\/categories?post=1012"},{"taxonomy":"post_tag","embeddable":true,"href":"https:\/\/terra.ufpr.br\/laboclima\/wp-json\/wp\/v2\/tags?post=1012"}],"curies":[{"name":"wp","href":"https:\/\/api.w.org\/{rel}","templated":true}]}}