{"id":1837,"date":"2020-05-21T00:20:20","date_gmt":"2020-05-21T03:20:20","guid":{"rendered":"https:\/\/terra.ufpr.br\/laboclima\/?p=1837"},"modified":"2021-03-18T18:34:53","modified_gmt":"2021-03-18T21:34:53","slug":"curitiba-enfrenta-sua-pior-seca-em-40-anos","status":"publish","type":"post","link":"https:\/\/terra.ufpr.br\/laboclima\/2020\/05\/21\/curitiba-enfrenta-sua-pior-seca-em-40-anos\/","title":{"rendered":"Reportagem: &#8220;Curitiba enfrenta sua pior seca em 40 anos&#8221;"},"content":{"rendered":"\n<p>No dia 04 de maio de 2020 foi publicado a reportagem &#8220;Curitiba enfrenta sua pior seca em 40 anos&#8221; no portal <a href=\"https:\/\/www.plural.jor.br\/\">Plural<\/a> de jornalismo colaborativo de Curitiba-PR, e contou com entrevista e algumas opini\u00f5es do professor Dr. Pedro Augusto Breda Font\u00e3o (um dos coordenadores do LaboClima\/UFPR) sobre o fen\u00f4meno das Secas. A reportagem completa poder\u00e1 ser conferida logo abaixo ou atrav\u00e9s <a href=\"https:\/\/www.plural.jor.br\/noticias\/vizinhanca\/curitiba-enfrenta-sua-pior-seca-em-40-anos\/\">Deste Link.<\/a><\/p>\n\n\n\n<p style=\"text-align:center\"><strong>Curitiba enfrenta sua pior seca em 40 anos<br><\/strong>&#8220;Sanepar lan\u00e7a m\u00e3o dos rod\u00edzios no fornecimento porque o volume de \u00e1gua em um dos rios que abastece a cidade caiu 70%&#8221;<\/p>\n\n\n\n<p style=\"text-align:right\"> 4 Maio 2020 &#8211; 20h33<br>Por Ana Justi   <\/p>\n\n\n\n<p> Curitiba \u00e9 uma regi\u00e3o de baixa disponibilidade h\u00eddrica \u2013 na qual h\u00e1 pouca oferta de \u00e1gua e uma popula\u00e7\u00e3o elevada \u2013 e seguir\u00e1 preocupada com seu abastecimento pelo menos at\u00e9 o fim de 2020.<br> Faz seis semanas que a cidade enfrenta per\u00edodos de racionamento de \u00e1gua cada vez mais frequentes. A princ\u00edpio, o motivo era uma baixa nos reservat\u00f3rios, mas agora, com a confirma\u00e7\u00e3o de uma seca intensa \u2013 a pior dos \u00faltimos 40 anos \u2013, os rod\u00edzios no fornecimento de \u00e1gua podem virar rotina por pelo menos quatro meses. <br> O problema est\u00e1 no Sistema Miringuava, um dos quatro que abastece Curitiba e Regi\u00e3o Metropolitana, e o \u00fanico que n\u00e3o conta com barragens. A capta\u00e7\u00e3o da \u00e1gua nesse sistema \u00e9 feita superficialmente, direto do rio de mesmo nome. Com a falta de chuva na regi\u00e3o, a vaz\u00e3o do rio caiu 70%. Antes, a Companhia de Saneamento do Paran\u00e1 (Sanepar) conseguia retirar mil litros por segundo do Miringuava e, agora, esse volume caiu para 300 litros. Embora as barragens tamb\u00e9m apresentem baixa em seus n\u00edveis, elas permitem o armazenamento de \u00e1gua, ao contr\u00e1rio da capta\u00e7\u00e3o superficial, na qual a \u00e1gua segue direto do rio para a esta\u00e7\u00e3o de tratamento.<\/p>\n\n\n\n<p> \u201cIsso fez com que tiv\u00e9ssemos de adotar o rod\u00edzio de \u00e1gua nos bairros abastecidos por esse sistema produtor\u201d, explica Fabio Basso, gerente de produ\u00e7\u00e3o da Sanepar. De fato, a regi\u00e3o passa por uma seca intensa. \u201cSe voc\u00ea analisar os dados, desde outubro vem chovendo pouco em Curitiba. N\u00e3o \u00e9 de agora\u201d, diz o pesquisador Pedro Font\u00e3o, especialista em secas e professor da Universidade Federal do Paran\u00e1 (UFPR).<br> A situa\u00e7\u00e3o pode se agravar com o outono e o inverno. \u201cHabitualmente, os meses de outono e inverno s\u00e3o meses de estiagem \u2013 as chuvas normalmente s\u00e3o reduzidas, comparadas aos outros meses. Estamos entrando em uma condi\u00e7\u00e3o de seca com uma intensidade muito elevada, como n\u00e3o v\u00edamos desde o in\u00edcio da d\u00e9cada de 1980\u201d, avalia o pesquisador, ao analisar dados climatol\u00f3gicos de Curitiba de 1961 at\u00e9 os dias atuais. <br> De acordo com o Standardized Precipitations Index(SPI), recomendado pela organiza\u00e7\u00e3o Meteorol\u00f3gica Mundial para o monitoramento de secas, estamos diante de um per\u00edodo dif\u00edcil. Dados do Instituto Federal de Meteorologia apontam que, em mar\u00e7o, data do in\u00edcio dos rod\u00edzios, Curitiba teve precipita\u00e7\u00e3o de 13,8 mm ao longo dos 31 dias do m\u00eas.<br><\/p>\n\n\n\n<p> Segundo Font\u00e3o, a falta de chuva se explica pelo comportamento das frentes frias que passaram pela regi\u00e3o durante a primavera e o ver\u00e3o. Atuando com mais intensidade na regi\u00e3o sul do pa\u00eds, as massas de ar trouxeram altas press\u00f5es atmosf\u00e9ricas, resultando em um tempo seco, ensolarado e com pouca chuva. Ideal para f\u00e9rias, mas um problema no longo prazo. \u201cA seca \u00e9 um fen\u00f4meno lento, voc\u00ea n\u00e3o consegue enxerg\u00e1-la imediatamente. \u00c0s vezes demora meses para voc\u00ea sentir o que est\u00e1 acontecendo\u201d, diz.<br> Hoje, o rod\u00edzio ocorre porque h\u00e1 o que t\u00e9cnicos chamam de \u201cincapacidade de oferta\u201d de \u00e1gua pot\u00e1vel, uma vez que, sem a \u00e1gua do rio Miringuava, n\u00e3o h\u00e1 mat\u00e9ria-prima para produzir \u00e1gua pot\u00e1vel. Para tentar amenizar os impactos da seca, parte da demanda de abastecimento da cidade tem sido feita com \u00e1gua remanejada de outros dois sistemas: o Igua\u00e7u, cuja capta\u00e7\u00e3o vem dos rios Ira\u00ed, Itaqui e Pequeno; e o Passa\u00fana, cuja principal fonte de \u00e1gua \u00e9 a Represa do Passa\u00fana. \u201cN\u00f3s conseguimos minimizar impactos, mas n\u00e3o conseguimos suprir totalmente a falta de um sistema\u201d, explica Basso.<br> Se n\u00e3o for poss\u00edvel abastecer os bairros usando, por exemplo, a transposi\u00e7\u00e3o de parte da \u00e1gua de outro sistema, a Sanepar lan\u00e7a m\u00e3o do rod\u00edzio. A dura\u00e7\u00e3o e o per\u00edodo em que o racionamento ocorre \u00e9 determinado por uma s\u00e9rie de fatores: tamanho e demanda dos bairros, e a capacidade de produ\u00e7\u00e3o de \u00e1gua pot\u00e1vel no momento da realiza\u00e7\u00e3o do cronograma. <br> Bairros maiores acabam recebendo \u00e1gua por m\u00e9todos diferentes, e t\u00eam sua extens\u00e3o dividida por regi\u00f5es, podendo haver at\u00e9 tr\u00eas delas em um mesmo bairro. \u201cQuando fazemos o rod\u00edzio e falamos que o Tatuquara [por exemplo] vai ficar sem \u00e1gua, um dia \u00e9 uma regi\u00e3o, no outro dia \u00e9 outra\u201d, explica o gerente de produ\u00e7\u00e3o. Nesses casos, a Sanepar disponibiliza <a href=\"http:\/\/site.sanepar.com.br\/mapa-rodizio-abastecimento-curitiba-rmc\">um mapa<\/a> para que os curitibanos possam conferir quando sua regi\u00e3o ser\u00e1 afetada.<\/p>\n\n\n\n<p>SEM SOLU\u00c7\u00c3O, MAS COM IMPACTOS<\/p>\n\n\n\n<p> \u201cDepois que a seca est\u00e1 configurada, e n\u00e3o h\u00e1 grandes fontes de \u00e1gua pr\u00f3ximas para serem usadas, a chuva seria a solu\u00e7\u00e3o\u201d, diz Font\u00e3o. Segundo o pesquisador, uma chuva volumosa o suficiente para recuperar os mananciais da regi\u00e3o s\u00f3 deve acontecer a partir de setembro. Ser\u00e1 preciso, primeiro, que as chuvas tenham um volume de 30 mm a 50 mm, ao longo de um per\u00edodo de 24 horas. Outro fator determinante ser\u00e1 a regi\u00e3o: a chuva tem de cair sobre grandes \u00e1reas da bacia hidrogr\u00e1fica. <br> H\u00e1 uma chuva prevista para cair nesta ter\u00e7a (05) ou quarta-feira (06), mas ela ser\u00e1, na melhor das hip\u00f3teses, um pequeno al\u00edvio. \u201cN\u00e3o recupera os mananciais, mas alivia\u201d, diz Font\u00e3o. <br> Os impactos socioecon\u00f4micos da seca s\u00e3o v\u00e1rios \u2013 dos rod\u00edzios ao aumento no pre\u00e7o de produtos da lavoura e da ind\u00fastria. \u201cSe h\u00e1 um rod\u00edzio no momento em que mais precisamos lavar a m\u00e3o, isso tem um impacto muito grave. Se afetar o pre\u00e7o de alguns produtos, \u00e9 um impacto extremamente grave num momento em que muita gente est\u00e1 ficando desempregada\u201d, diz o pesquisador.<\/p>\n\n\n\n<p><strong>Fonte<\/strong>: <a href=\"https:\/\/www.plural.jor.br\/noticias\/vizinhanca\/curitiba-enfrenta-sua-pior-seca-em-40-anos\/\">Plural<\/a>, 2020.<br><strong>Rep\u00f3rter<\/strong>: Ana Justi &#8211; Ana Justi \u00e9 jornalista, graduada na Universidade Positivo (UP), e tem forma\u00e7\u00e3o em Letras pela Universidade Estadual de Maring\u00e1 (UEM).<\/p>\n","protected":false},"excerpt":{"rendered":"<p>No dia 04 de maio de 2020 foi publicado a reportagem &#8220;Curitiba enfrenta sua pior seca em 40 anos&#8221; no portal Plural de jornalismo colaborativo de Curitiba-PR, e contou com entrevista e algumas opini\u00f5es do professor Dr. Pedro Augusto Breda Font\u00e3o (um dos coordenadores do LaboClima\/UFPR) sobre o fen\u00f4meno das Secas. A reportagem completa poder\u00e1 [&hellip;]<\/p>\n","protected":false},"author":1318,"featured_media":0,"comment_status":"open","ping_status":"open","sticky":true,"template":"","format":"standard","meta":{"footnotes":""},"categories":[4],"tags":[],"class_list":["post-1837","post","type-post","status-publish","format-standard","hentry","category-noticia"],"_links":{"self":[{"href":"https:\/\/terra.ufpr.br\/laboclima\/wp-json\/wp\/v2\/posts\/1837"}],"collection":[{"href":"https:\/\/terra.ufpr.br\/laboclima\/wp-json\/wp\/v2\/posts"}],"about":[{"href":"https:\/\/terra.ufpr.br\/laboclima\/wp-json\/wp\/v2\/types\/post"}],"author":[{"embeddable":true,"href":"https:\/\/terra.ufpr.br\/laboclima\/wp-json\/wp\/v2\/users\/1318"}],"replies":[{"embeddable":true,"href":"https:\/\/terra.ufpr.br\/laboclima\/wp-json\/wp\/v2\/comments?post=1837"}],"version-history":[{"count":5,"href":"https:\/\/terra.ufpr.br\/laboclima\/wp-json\/wp\/v2\/posts\/1837\/revisions"}],"predecessor-version":[{"id":3249,"href":"https:\/\/terra.ufpr.br\/laboclima\/wp-json\/wp\/v2\/posts\/1837\/revisions\/3249"}],"wp:attachment":[{"href":"https:\/\/terra.ufpr.br\/laboclima\/wp-json\/wp\/v2\/media?parent=1837"}],"wp:term":[{"taxonomy":"category","embeddable":true,"href":"https:\/\/terra.ufpr.br\/laboclima\/wp-json\/wp\/v2\/categories?post=1837"},{"taxonomy":"post_tag","embeddable":true,"href":"https:\/\/terra.ufpr.br\/laboclima\/wp-json\/wp\/v2\/tags?post=1837"}],"curies":[{"name":"wp","href":"https:\/\/api.w.org\/{rel}","templated":true}]}}