{"id":1908,"date":"2020-05-13T17:21:26","date_gmt":"2020-05-13T20:21:26","guid":{"rendered":"https:\/\/terra.ufpr.br\/laboclima\/?p=1908"},"modified":"2020-05-13T17:21:26","modified_gmt":"2020-05-13T20:21:26","slug":"live-dia-do-geografo","status":"publish","type":"post","link":"https:\/\/terra.ufpr.br\/laboclima\/2020\/05\/13\/live-dia-do-geografo\/","title":{"rendered":"LIVE: &#8220;Dia Do Ge\u00f3grafo&#8221;"},"content":{"rendered":"\n<p>No dia 29 de maio de 2020, Dia do Ge\u00f3grafo, ir\u00e1 ocorrer a Live &#8220;Diferentes perspectivas da Geografia diante da crise da Covid-19&#8221;, organizada pelo Programa de P\u00f3s-Gradua\u00e7\u00e3o em Geografia da Universidade Estadual de Ponta Grossa (UEPG).<\/p>\n\n\n\n<figure class=\"wp-block-image\"><img loading=\"lazy\" decoding=\"async\" width=\"960\" height=\"678\" src=\"https:\/\/terra.ufpr.br\/laboclima\/wp-content\/uploads\/sites\/3\/2020\/05\/1dec96c8-eb52-4606-877d-49871f9b9eb7.jpg\" alt=\"\" class=\"wp-image-1911\" srcset=\"https:\/\/terra.ufpr.br\/laboclima\/wp-content\/uploads\/sites\/3\/2020\/05\/1dec96c8-eb52-4606-877d-49871f9b9eb7.jpg 960w, https:\/\/terra.ufpr.br\/laboclima\/wp-content\/uploads\/sites\/3\/2020\/05\/1dec96c8-eb52-4606-877d-49871f9b9eb7-300x212.jpg 300w, https:\/\/terra.ufpr.br\/laboclima\/wp-content\/uploads\/sites\/3\/2020\/05\/1dec96c8-eb52-4606-877d-49871f9b9eb7-768x542.jpg 768w\" sizes=\"(max-width: 960px) 100vw, 960px\" \/><figcaption>Cartaz de Divulga\u00e7\u00e3o<\/figcaption><\/figure>\n\n\n\n<p>O evento contar\u00e1 com a participa\u00e7\u00e3o do Prof. Dr. Francisco de Assis Mendon\u00e7a (um dos coordenadores do LaboClima\/UFPR), al\u00e9m dos professores Dr. Raul Borges Guimar\u00e3es (UNESP) e Dr. Luiz Alexandre Gon\u00e7alves Cunha (UEPG). A transmiss\u00e3o ter\u00e1 in\u00edcio a partir das 19hrs atrav\u00e9s da plataforma google meet, cujo link poder\u00e1 ser acessado atrav\u00e9s do <a href=\"https:\/\/sites.uepg.br\/ppgg\/\">site do PPGG da UEPG<\/a>, na aba Not\u00edcias.<\/p>\n","protected":false},"excerpt":{"rendered":"<p>No dia 29 de maio de 2020, Dia do Ge\u00f3grafo, ir\u00e1 ocorrer a Live &#8220;Diferentes perspectivas da Geografia diante da crise da Covid-19&#8221;, organizada pelo Programa de P\u00f3s-Gradua\u00e7\u00e3o em Geografia da Universidade Estadual de Ponta Grossa (UEPG). O evento contar\u00e1 com a participa\u00e7\u00e3o do Prof. Dr. Francisco de Assis Mendon\u00e7a (um dos coordenadores do LaboClima\/UFPR), [&hellip;]<\/p>\n","protected":false},"author":1324,"featured_media":0,"comment_status":"open","ping_status":"open","sticky":true,"template":"","format":"standard","meta":{"footnotes":""},"categories":[2],"tags":[],"class_list":["post-1908","post","type-post","status-publish","format-standard","hentry","category-informativo"],"_links":{"self":[{"href":"https:\/\/terra.ufpr.br\/laboclima\/wp-json\/wp\/v2\/posts\/1908"}],"collection":[{"href":"https:\/\/terra.ufpr.br\/laboclima\/wp-json\/wp\/v2\/posts"}],"about":[{"href":"https:\/\/terra.ufpr.br\/laboclima\/wp-json\/wp\/v2\/types\/post"}],"author":[{"embeddable":true,"href":"https:\/\/terra.ufpr.br\/laboclima\/wp-json\/wp\/v2\/users\/1324"}],"replies":[{"embeddable":true,"href":"https:\/\/terra.ufpr.br\/laboclima\/wp-json\/wp\/v2\/comments?post=1908"}],"version-history":[{"count":1,"href":"https:\/\/terra.ufpr.br\/laboclima\/wp-json\/wp\/v2\/posts\/1908\/revisions"}],"predecessor-version":[{"id":1912,"href":"https:\/\/terra.ufpr.br\/laboclima\/wp-json\/wp\/v2\/posts\/1908\/revisions\/1912"}],"wp:attachment":[{"href":"https:\/\/terra.ufpr.br\/laboclima\/wp-json\/wp\/v2\/media?parent=1908"}],"wp:term":[{"taxonomy":"category","embeddable":true,"href":"https:\/\/terra.ufpr.br\/laboclima\/wp-json\/wp\/v2\/categories?post=1908"},{"taxonomy":"post_tag","embeddable":true,"href":"https:\/\/terra.ufpr.br\/laboclima\/wp-json\/wp\/v2\/tags?post=1908"}],"curies":[{"name":"wp","href":"https:\/\/api.w.org\/{rel}","templated":true}]}}