{"id":1913,"date":"2020-05-13T17:23:16","date_gmt":"2020-05-13T20:23:16","guid":{"rendered":"https:\/\/terra.ufpr.br\/laboclima\/?p=1913"},"modified":"2020-05-13T17:24:45","modified_gmt":"2020-05-13T20:24:45","slug":"chamada-iniciacao-cientifica-no-laboclima-prazo-21-05-2020","status":"publish","type":"post","link":"https:\/\/terra.ufpr.br\/laboclima\/2020\/05\/13\/chamada-iniciacao-cientifica-no-laboclima-prazo-21-05-2020\/","title":{"rendered":"Chamada: Inicia\u00e7\u00e3o Cient\u00edfica no LaboClima (Prazo: 21\/05\/2020)"},"content":{"rendered":"\n<p>Est\u00e3o abertas vagas (bolsistas ou\nvolunt\u00e1rios) para Inicia\u00e7\u00e3o Cient\u00edfica no Laborat\u00f3rio de Climatologia\n(LaboClima\/UFPR). O aluno dever\u00e1 ter interesse na pesquisa e extens\u00e3o em\nClimatologia, e ir\u00e1 atuar nos projetos desenvolvidos pelos coordenadores do\nlaborat\u00f3rio. Os requisitos s\u00e3o:<\/p>\n\n\n\n<ol class=\"wp-block-list\"><li>Ter cursado a disciplina de Climatologia (ou Climatologia B\u00e1sica).<\/li><li>Possuir Hist\u00f3rico Escolar atualizado (gerado eletronicamente &#8211; UFPR).<\/li><li>Apresentar o \u00cdndice de Rendimento Acad\u00eamico (IRA).<\/li><\/ol>\n\n\n\n<p><strong>Inscri\u00e7\u00f5es<\/strong>: enviar um\ne-mail com o t\u00edtulo INICIA\u00c7\u00c3O CIENT\u00cdFICA para o e-mail <a href=\"mailto:laboclima@ufpr.br\">laboclima@ufpr.br<\/a> manifestando interesse\npela vaga e contendo em anexo o hist\u00f3rico escolar.<\/p>\n\n\n\n<p><strong>Data Limite<\/strong>: 21\/05\/2020<\/p>\n\n\n\n<p><strong>Mais Informa\u00e7\u00f5es<\/strong>: Website do LaboClima \u2013 <a href=\"https:\/\/terra.ufpr.br\/laboclima\/\">https:\/\/terra.ufpr.br\/laboclima\/<\/a> <\/p>\n\n\n\n<p><strong>Obs<\/strong>: Devido \u00e0 pandemia de Covid-19, a sele\u00e7\u00e3o ser\u00e1 feita remotamente. Os interessados dever\u00e3o enviar um e-mail e entraremos em contato para marcar uma reuni\u00e3o entre os dias 22 e 27 de maio (excluindo s\u00e1bado e domingo). No e-mail, o discente tamb\u00e9m dever\u00e1 informar os dias em que estar\u00e1 dispon\u00edvel para conversar e se no momento ele possui um notebook e\/ou celular com internet para reuni\u00e3o por videoconfer\u00eancia. Caso n\u00e3o possuir, sugerir algum outro meio para contato remoto. <\/p>\n","protected":false},"excerpt":{"rendered":"<p>Est\u00e3o abertas vagas (bolsistas ou volunt\u00e1rios) para Inicia\u00e7\u00e3o Cient\u00edfica no Laborat\u00f3rio de Climatologia (LaboClima\/UFPR). O aluno dever\u00e1 ter interesse na pesquisa e extens\u00e3o em Climatologia, e ir\u00e1 atuar nos projetos desenvolvidos pelos coordenadores do laborat\u00f3rio. Os requisitos s\u00e3o: Ter cursado a disciplina de Climatologia (ou Climatologia B\u00e1sica). Possuir Hist\u00f3rico Escolar atualizado (gerado eletronicamente &#8211; UFPR). [&hellip;]<\/p>\n","protected":false},"author":1324,"featured_media":0,"comment_status":"open","ping_status":"open","sticky":true,"template":"","format":"standard","meta":{"footnotes":""},"categories":[2],"tags":[],"class_list":["post-1913","post","type-post","status-publish","format-standard","hentry","category-informativo"],"_links":{"self":[{"href":"https:\/\/terra.ufpr.br\/laboclima\/wp-json\/wp\/v2\/posts\/1913"}],"collection":[{"href":"https:\/\/terra.ufpr.br\/laboclima\/wp-json\/wp\/v2\/posts"}],"about":[{"href":"https:\/\/terra.ufpr.br\/laboclima\/wp-json\/wp\/v2\/types\/post"}],"author":[{"embeddable":true,"href":"https:\/\/terra.ufpr.br\/laboclima\/wp-json\/wp\/v2\/users\/1324"}],"replies":[{"embeddable":true,"href":"https:\/\/terra.ufpr.br\/laboclima\/wp-json\/wp\/v2\/comments?post=1913"}],"version-history":[{"count":2,"href":"https:\/\/terra.ufpr.br\/laboclima\/wp-json\/wp\/v2\/posts\/1913\/revisions"}],"predecessor-version":[{"id":1918,"href":"https:\/\/terra.ufpr.br\/laboclima\/wp-json\/wp\/v2\/posts\/1913\/revisions\/1918"}],"wp:attachment":[{"href":"https:\/\/terra.ufpr.br\/laboclima\/wp-json\/wp\/v2\/media?parent=1913"}],"wp:term":[{"taxonomy":"category","embeddable":true,"href":"https:\/\/terra.ufpr.br\/laboclima\/wp-json\/wp\/v2\/categories?post=1913"},{"taxonomy":"post_tag","embeddable":true,"href":"https:\/\/terra.ufpr.br\/laboclima\/wp-json\/wp\/v2\/tags?post=1913"}],"curies":[{"name":"wp","href":"https:\/\/api.w.org\/{rel}","templated":true}]}}