{"id":1942,"date":"2020-05-20T23:55:53","date_gmt":"2020-05-21T02:55:53","guid":{"rendered":"https:\/\/terra.ufpr.br\/laboclima\/?p=1942"},"modified":"2020-05-20T23:55:53","modified_gmt":"2020-05-21T02:55:53","slug":"live-dengue-no-meio-de-uma-pandemia-como-fica-a-epidemia","status":"publish","type":"post","link":"https:\/\/terra.ufpr.br\/laboclima\/2020\/05\/20\/live-dengue-no-meio-de-uma-pandemia-como-fica-a-epidemia\/","title":{"rendered":"LIVE: &#8220;Dengue: no meio de uma pandemia como fica a epidemia?&#8221;"},"content":{"rendered":"\n<p>No dia 26 de maio, ter\u00e7a-feria \u00e0s 17hrs, ir\u00e1 ocorrer uma live com o tema \u201cDengue: no meio de uma pandemia como fica a epidemia?\u201d. A transmiss\u00e3o conta com a participa\u00e7\u00e3o do professor Dr. Wilson Flavio F. Roseghini (um dos coordenadores do LaboClima\/UFPR), dos professores Eduardo B. Lopes, de Geografia, e Gulherme Teitge, de Biologia, do Ensino M\u00e9dio do Col\u00e9gio Positivo, al\u00e9m da Dr\u00aa. Nat\u00e1lia V. Ferreira da Oxitec.<\/p>\n\n\n\n<figure class=\"wp-block-image\"><img loading=\"lazy\" decoding=\"async\" width=\"687\" height=\"960\" src=\"https:\/\/terra.ufpr.br\/laboclima\/wp-content\/uploads\/sites\/3\/2020\/05\/f21a0bed-9374-4e6e-ae9a-70155028b396.jpg\" alt=\"\" class=\"wp-image-1943\" srcset=\"https:\/\/terra.ufpr.br\/laboclima\/wp-content\/uploads\/sites\/3\/2020\/05\/f21a0bed-9374-4e6e-ae9a-70155028b396.jpg 687w, https:\/\/terra.ufpr.br\/laboclima\/wp-content\/uploads\/sites\/3\/2020\/05\/f21a0bed-9374-4e6e-ae9a-70155028b396-215x300.jpg 215w\" sizes=\"(max-width: 687px) 100vw, 687px\" \/><figcaption>Cartas de divulga\u00e7\u00e3o do evento.<\/figcaption><\/figure>\n\n\n\n<p>A Live ser\u00e1 transmitida ao vivo pelo <a href=\"https:\/\/www.facebook.com\/ColegioPositivo.Oficial\/\">Facebook do Col\u00e9gio Positivo<\/a>. Mais informa\u00e7\u00f5es sobre o evento poder\u00e3o ser obtidas <a href=\"http:\/\/believenews.com.br\/colegio-positivo-promove-semana-de-combate-a-dengue\/#.XsXrV2hKjIU\">AQUI<\/a> ou atrav\u00e9s dos membros do Col\u00e9gio Positivo, organizadores do evento.<\/p>\n","protected":false},"excerpt":{"rendered":"<p>No dia 26 de maio, ter\u00e7a-feria \u00e0s 17hrs, ir\u00e1 ocorrer uma live com o tema \u201cDengue: no meio de uma pandemia como fica a epidemia?\u201d. A transmiss\u00e3o conta com a participa\u00e7\u00e3o do professor Dr. Wilson Flavio F. Roseghini (um dos coordenadores do LaboClima\/UFPR), dos professores Eduardo B. Lopes, de Geografia, e Gulherme Teitge, de Biologia, [&hellip;]<\/p>\n","protected":false},"author":1324,"featured_media":0,"comment_status":"open","ping_status":"open","sticky":true,"template":"","format":"standard","meta":{"footnotes":""},"categories":[2],"tags":[],"class_list":["post-1942","post","type-post","status-publish","format-standard","hentry","category-informativo"],"_links":{"self":[{"href":"https:\/\/terra.ufpr.br\/laboclima\/wp-json\/wp\/v2\/posts\/1942"}],"collection":[{"href":"https:\/\/terra.ufpr.br\/laboclima\/wp-json\/wp\/v2\/posts"}],"about":[{"href":"https:\/\/terra.ufpr.br\/laboclima\/wp-json\/wp\/v2\/types\/post"}],"author":[{"embeddable":true,"href":"https:\/\/terra.ufpr.br\/laboclima\/wp-json\/wp\/v2\/users\/1324"}],"replies":[{"embeddable":true,"href":"https:\/\/terra.ufpr.br\/laboclima\/wp-json\/wp\/v2\/comments?post=1942"}],"version-history":[{"count":1,"href":"https:\/\/terra.ufpr.br\/laboclima\/wp-json\/wp\/v2\/posts\/1942\/revisions"}],"predecessor-version":[{"id":1944,"href":"https:\/\/terra.ufpr.br\/laboclima\/wp-json\/wp\/v2\/posts\/1942\/revisions\/1944"}],"wp:attachment":[{"href":"https:\/\/terra.ufpr.br\/laboclima\/wp-json\/wp\/v2\/media?parent=1942"}],"wp:term":[{"taxonomy":"category","embeddable":true,"href":"https:\/\/terra.ufpr.br\/laboclima\/wp-json\/wp\/v2\/categories?post=1942"},{"taxonomy":"post_tag","embeddable":true,"href":"https:\/\/terra.ufpr.br\/laboclima\/wp-json\/wp\/v2\/tags?post=1942"}],"curies":[{"name":"wp","href":"https:\/\/api.w.org\/{rel}","templated":true}]}}