{"id":2148,"date":"2020-06-12T00:28:07","date_gmt":"2020-06-12T03:28:07","guid":{"rendered":"https:\/\/terra.ufpr.br\/laboclima\/?p=2148"},"modified":"2020-06-12T00:29:12","modified_gmt":"2020-06-12T03:29:12","slug":"live-as-vulnerabilidades-socioambientais-no-brasil","status":"publish","type":"post","link":"https:\/\/terra.ufpr.br\/laboclima\/2020\/06\/12\/live-as-vulnerabilidades-socioambientais-no-brasil\/","title":{"rendered":"LIVE: &#8220;As vulnerabilidades socioambientais no Brasil&#8221;"},"content":{"rendered":"\n<p>No dia 15 de junho de 2020 ir\u00e1 ocorrer a Live &#8220;As vulnerabilidades socioambientais no Brasil&#8221;, tendo como professor convidado o Dr. Francisco de Assis Mendon\u00e7a, um dos coordenadores do LaboClima\/UFPR. <\/p>\n\n\n\n<figure class=\"wp-block-image\"><img loading=\"lazy\" decoding=\"async\" width=\"1024\" height=\"576\" src=\"https:\/\/terra.ufpr.br\/laboclima\/wp-content\/uploads\/sites\/3\/2020\/06\/Pet-Ufgd-1024x576.jpg\" alt=\"\" class=\"wp-image-2149\" srcset=\"https:\/\/terra.ufpr.br\/laboclima\/wp-content\/uploads\/sites\/3\/2020\/06\/Pet-Ufgd-1024x576.jpg 1024w, https:\/\/terra.ufpr.br\/laboclima\/wp-content\/uploads\/sites\/3\/2020\/06\/Pet-Ufgd-300x169.jpg 300w, https:\/\/terra.ufpr.br\/laboclima\/wp-content\/uploads\/sites\/3\/2020\/06\/Pet-Ufgd-768x432.jpg 768w, https:\/\/terra.ufpr.br\/laboclima\/wp-content\/uploads\/sites\/3\/2020\/06\/Pet-Ufgd.jpg 1280w\" sizes=\"(max-width: 1024px) 100vw, 1024px\" \/><figcaption>Cartaz de divulga\u00e7\u00e3o<\/figcaption><\/figure>\n\n\n\n<p>A Live ter\u00e1 in\u00edcio \u00e0s 16hrs (hor\u00e1rio de Bras\u00edlia) e faz parte do Projeto &#8220;Di\u00e1logos on-line em tempos de COVID-19&#8221;, promovido e organizado pelo PET Geografia da Universidade Federal da Grande Dourados (UFGD). A transmiss\u00e3o ser\u00e1 ao vivo pelo <a href=\"https:\/\/www.youtube.com\/channel\/UChjuKren2gsD1NmEUS8KlUQ\">Canal de Youtube do PET Geografia<\/a> e demais redes sociais do programa.<\/p>\n","protected":false},"excerpt":{"rendered":"<p>No dia 15 de junho de 2020 ir\u00e1 ocorrer a Live &#8220;As vulnerabilidades socioambientais no Brasil&#8221;, tendo como professor convidado o Dr. Francisco de Assis Mendon\u00e7a, um dos coordenadores do LaboClima\/UFPR. A Live ter\u00e1 in\u00edcio \u00e0s 16hrs (hor\u00e1rio de Bras\u00edlia) e faz parte do Projeto &#8220;Di\u00e1logos on-line em tempos de COVID-19&#8221;, promovido e organizado pelo [&hellip;]<\/p>\n","protected":false},"author":1324,"featured_media":0,"comment_status":"open","ping_status":"open","sticky":true,"template":"","format":"standard","meta":{"footnotes":""},"categories":[2],"tags":[],"class_list":["post-2148","post","type-post","status-publish","format-standard","hentry","category-informativo"],"_links":{"self":[{"href":"https:\/\/terra.ufpr.br\/laboclima\/wp-json\/wp\/v2\/posts\/2148"}],"collection":[{"href":"https:\/\/terra.ufpr.br\/laboclima\/wp-json\/wp\/v2\/posts"}],"about":[{"href":"https:\/\/terra.ufpr.br\/laboclima\/wp-json\/wp\/v2\/types\/post"}],"author":[{"embeddable":true,"href":"https:\/\/terra.ufpr.br\/laboclima\/wp-json\/wp\/v2\/users\/1324"}],"replies":[{"embeddable":true,"href":"https:\/\/terra.ufpr.br\/laboclima\/wp-json\/wp\/v2\/comments?post=2148"}],"version-history":[{"count":2,"href":"https:\/\/terra.ufpr.br\/laboclima\/wp-json\/wp\/v2\/posts\/2148\/revisions"}],"predecessor-version":[{"id":2153,"href":"https:\/\/terra.ufpr.br\/laboclima\/wp-json\/wp\/v2\/posts\/2148\/revisions\/2153"}],"wp:attachment":[{"href":"https:\/\/terra.ufpr.br\/laboclima\/wp-json\/wp\/v2\/media?parent=2148"}],"wp:term":[{"taxonomy":"category","embeddable":true,"href":"https:\/\/terra.ufpr.br\/laboclima\/wp-json\/wp\/v2\/categories?post=2148"},{"taxonomy":"post_tag","embeddable":true,"href":"https:\/\/terra.ufpr.br\/laboclima\/wp-json\/wp\/v2\/tags?post=2148"}],"curies":[{"name":"wp","href":"https:\/\/api.w.org\/{rel}","templated":true}]}}