{"id":2187,"date":"2020-06-19T19:41:46","date_gmt":"2020-06-19T22:41:46","guid":{"rendered":"https:\/\/terra.ufpr.br\/laboclima\/?p=2187"},"modified":"2020-06-19T19:41:46","modified_gmt":"2020-06-19T22:41:46","slug":"consulta-on-line-sobre-mudancas-climaticas-em-curitiba","status":"publish","type":"post","link":"https:\/\/terra.ufpr.br\/laboclima\/2020\/06\/19\/consulta-on-line-sobre-mudancas-climaticas-em-curitiba\/","title":{"rendered":"Consulta On-line sobre Mudan\u00e7as Clim\u00e1ticas em Curitiba"},"content":{"rendered":"\n<p>A Prefeitura de Curitiba lan\u00e7ou nessa semana uma consulta p\u00fablica on-line para saber como o curitibano se posiciona frente \u00e0s Mudan\u00e7as Clim\u00e1ticas. O question\u00e1rio conta com um total de 12 perguntas, e a ideia \u00e9 compreender a percep\u00e7\u00e3o, o comportamento e o engajamento da popula\u00e7\u00e3o em rela\u00e7\u00e3o \u00e0 mudan\u00e7a do clima e seus impactos, como tamb\u00e9m definir prioridades nas a\u00e7\u00f5es p\u00fablicas. <\/p>\n\n\n\n<p>A consulta p\u00fablica ficar\u00e1 dispon\u00edvel at\u00e9 o dia 5 de Julho de 2020, e pode ser respondida pelo computador, tablet ou pelo celular acessando este <a href=\"https:\/\/conecta.curitiba.pr.gov.br\/mudanca-do-clima\/login\">Link do Site da Prefeitura<\/a>.<\/p>\n\n\n\n<figure class=\"wp-block-image\"><img loading=\"lazy\" decoding=\"async\" width=\"768\" height=\"1024\" src=\"https:\/\/terra.ufpr.br\/laboclima\/wp-content\/uploads\/sites\/3\/2020\/06\/AP_EMAIL_MUDANCA_CLIMATICA-01-768x1024.png\" alt=\"\" class=\"wp-image-2188\" srcset=\"https:\/\/terra.ufpr.br\/laboclima\/wp-content\/uploads\/sites\/3\/2020\/06\/AP_EMAIL_MUDANCA_CLIMATICA-01-768x1024.png 768w, https:\/\/terra.ufpr.br\/laboclima\/wp-content\/uploads\/sites\/3\/2020\/06\/AP_EMAIL_MUDANCA_CLIMATICA-01-225x300.png 225w\" sizes=\"(max-width: 768px) 100vw, 768px\" \/><figcaption>Cartaz de Divulga\u00e7\u00e3o<br><\/figcaption><\/figure>\n\n\n\n<p>Essa iniciativa faz parte do F\u00f3rum Curitiba sobre Mudan\u00e7as Clim\u00e1ticas, <a href=\"https:\/\/www.curitiba.pr.gov.br\/conteudo\/secretaria-smma\/115\">Secretaria Municipal de Meio Ambiente<\/a> e o <a href=\"https:\/\/www.c40.org\/cities\">Projeto C40 Cities<\/a>. As respostas ir\u00e3o subsidiar e contribuir para a elabora\u00e7\u00e3o do Plano Municipal de Mitiga\u00e7\u00e3o e Adapta\u00e7\u00e3o \u00e0s Mudan\u00e7as Clim\u00e1ticas.<\/p>\n\n\n\n<p>O Laborat\u00f3rio de Climatologia (LaboClima\/UFPR) convida a todos os moradores do munic\u00edpio de Curitiba-PR para participar da consulta, e pedimos que divulguem e incentivem a participa\u00e7\u00e3o de todos nesta importante iniciativa.<\/p>\n","protected":false},"excerpt":{"rendered":"<p>A Prefeitura de Curitiba lan\u00e7ou nessa semana uma consulta p\u00fablica on-line para saber como o curitibano se posiciona frente \u00e0s Mudan\u00e7as Clim\u00e1ticas. O question\u00e1rio conta com um total de 12 perguntas, e a ideia \u00e9 compreender a percep\u00e7\u00e3o, o comportamento e o engajamento da popula\u00e7\u00e3o em rela\u00e7\u00e3o \u00e0 mudan\u00e7a do clima e seus impactos, como [&hellip;]<\/p>\n","protected":false},"author":1324,"featured_media":0,"comment_status":"open","ping_status":"open","sticky":true,"template":"","format":"standard","meta":{"footnotes":""},"categories":[2],"tags":[],"class_list":["post-2187","post","type-post","status-publish","format-standard","hentry","category-informativo"],"_links":{"self":[{"href":"https:\/\/terra.ufpr.br\/laboclima\/wp-json\/wp\/v2\/posts\/2187"}],"collection":[{"href":"https:\/\/terra.ufpr.br\/laboclima\/wp-json\/wp\/v2\/posts"}],"about":[{"href":"https:\/\/terra.ufpr.br\/laboclima\/wp-json\/wp\/v2\/types\/post"}],"author":[{"embeddable":true,"href":"https:\/\/terra.ufpr.br\/laboclima\/wp-json\/wp\/v2\/users\/1324"}],"replies":[{"embeddable":true,"href":"https:\/\/terra.ufpr.br\/laboclima\/wp-json\/wp\/v2\/comments?post=2187"}],"version-history":[{"count":1,"href":"https:\/\/terra.ufpr.br\/laboclima\/wp-json\/wp\/v2\/posts\/2187\/revisions"}],"predecessor-version":[{"id":2191,"href":"https:\/\/terra.ufpr.br\/laboclima\/wp-json\/wp\/v2\/posts\/2187\/revisions\/2191"}],"wp:attachment":[{"href":"https:\/\/terra.ufpr.br\/laboclima\/wp-json\/wp\/v2\/media?parent=2187"}],"wp:term":[{"taxonomy":"category","embeddable":true,"href":"https:\/\/terra.ufpr.br\/laboclima\/wp-json\/wp\/v2\/categories?post=2187"},{"taxonomy":"post_tag","embeddable":true,"href":"https:\/\/terra.ufpr.br\/laboclima\/wp-json\/wp\/v2\/tags?post=2187"}],"curies":[{"name":"wp","href":"https:\/\/api.w.org\/{rel}","templated":true}]}}