{"id":2305,"date":"2020-07-03T14:09:23","date_gmt":"2020-07-03T17:09:23","guid":{"rendered":"https:\/\/terra.ufpr.br\/laboclima\/?p=2305"},"modified":"2020-07-03T14:09:23","modified_gmt":"2020-07-03T17:09:23","slug":"materia-no-bom-dia-sabado-parana-estudo-mostra-que-o-clima-pode-influenciar-a-contaminacao-pelo-coronavirus","status":"publish","type":"post","link":"https:\/\/terra.ufpr.br\/laboclima\/2020\/07\/03\/materia-no-bom-dia-sabado-parana-estudo-mostra-que-o-clima-pode-influenciar-a-contaminacao-pelo-coronavirus\/","title":{"rendered":"Mat\u00e9ria no Bom dia S\u00e1bado \u2013 Paran\u00e1: &#8220;Estudo mostra que o clima pode influenciar a contamina\u00e7\u00e3o pelo Coronav\u00edrus&#8221;"},"content":{"rendered":"\n<p>No dia 27 de junho de 2020 foi ao ar no programa Bom Dia Paran\u00e1 a mat\u00e9ria &#8220;Estudo mostra que o clima pode influenciar a contamina\u00e7\u00e3o pelo Coronav\u00edrus&#8221;, no canal RPC (afiliada da Rede Globo no Paran\u00e1). A mat\u00e9ria jornal\u00edstica abordou a influ\u00eancia clim\u00e1tica na Covid-19 e divulgou durante a reportagem mapas produzidos pelo <a href=\"https:\/\/terra.ufpr.br\/laboclima\/sacer\/\">SACER<\/a> \u2013 Sistema de Alerta Clim\u00e1tico para Enfermidades Respirat\u00f3rias do LaboClima\/UFPR.<\/p>\n\n\n\n<figure class=\"wp-block-image\"><img loading=\"lazy\" decoding=\"async\" width=\"780\" height=\"426\" src=\"https:\/\/terra.ufpr.br\/laboclima\/wp-content\/uploads\/sites\/3\/2020\/07\/flavio_rpc.png\" alt=\"\" class=\"wp-image-2308\" srcset=\"https:\/\/terra.ufpr.br\/laboclima\/wp-content\/uploads\/sites\/3\/2020\/07\/flavio_rpc.png 780w, https:\/\/terra.ufpr.br\/laboclima\/wp-content\/uploads\/sites\/3\/2020\/07\/flavio_rpc-300x164.png 300w, https:\/\/terra.ufpr.br\/laboclima\/wp-content\/uploads\/sites\/3\/2020\/07\/flavio_rpc-768x419.png 768w\" sizes=\"(max-width: 780px) 100vw, 780px\" \/><figcaption>Imagem da mat\u00e9ria divulgada no Programa Bom dia S\u00e1bado \u2013 Paran\u00e1. Fonte: RPC &#8211; Rede Globo, 2020.<\/figcaption><\/figure>\n\n\n\n<p>Al\u00e9m de divulgar o Sistema de Alerta, a reportagem tamb\u00e9m realizou uma breve entrevista com o professor Dr. Wilson Flavio Feltrim Roseghini, um dos coordenadores do LaboClima\/UFPR. A mat\u00e9ria pode ser assistida atrav\u00e9s do Globoplay, clicando <a href=\"https:\/\/globoplay.globo.com\/v\/8656570\/programa\/?fbclid=IwAR0YEywBAEKxlVWZWMu8hSgJ6-dfmUaoq-JXPXQ5H-vDhIdvLdSZDss6zyU\">AQUI<\/a>.<\/p>\n","protected":false},"excerpt":{"rendered":"<p>No dia 27 de junho de 2020 foi ao ar no programa Bom Dia Paran\u00e1 a mat\u00e9ria &#8220;Estudo mostra que o clima pode influenciar a contamina\u00e7\u00e3o pelo Coronav\u00edrus&#8221;, no canal RPC (afiliada da Rede Globo no Paran\u00e1). A mat\u00e9ria jornal\u00edstica abordou a influ\u00eancia clim\u00e1tica na Covid-19 e divulgou durante a reportagem mapas produzidos pelo SACER [&hellip;]<\/p>\n","protected":false},"author":1324,"featured_media":2308,"comment_status":"open","ping_status":"open","sticky":true,"template":"","format":"standard","meta":{"footnotes":""},"categories":[4],"tags":[],"class_list":["post-2305","post","type-post","status-publish","format-standard","has-post-thumbnail","hentry","category-noticia"],"_links":{"self":[{"href":"https:\/\/terra.ufpr.br\/laboclima\/wp-json\/wp\/v2\/posts\/2305"}],"collection":[{"href":"https:\/\/terra.ufpr.br\/laboclima\/wp-json\/wp\/v2\/posts"}],"about":[{"href":"https:\/\/terra.ufpr.br\/laboclima\/wp-json\/wp\/v2\/types\/post"}],"author":[{"embeddable":true,"href":"https:\/\/terra.ufpr.br\/laboclima\/wp-json\/wp\/v2\/users\/1324"}],"replies":[{"embeddable":true,"href":"https:\/\/terra.ufpr.br\/laboclima\/wp-json\/wp\/v2\/comments?post=2305"}],"version-history":[{"count":1,"href":"https:\/\/terra.ufpr.br\/laboclima\/wp-json\/wp\/v2\/posts\/2305\/revisions"}],"predecessor-version":[{"id":2309,"href":"https:\/\/terra.ufpr.br\/laboclima\/wp-json\/wp\/v2\/posts\/2305\/revisions\/2309"}],"wp:featuredmedia":[{"embeddable":true,"href":"https:\/\/terra.ufpr.br\/laboclima\/wp-json\/wp\/v2\/media\/2308"}],"wp:attachment":[{"href":"https:\/\/terra.ufpr.br\/laboclima\/wp-json\/wp\/v2\/media?parent=2305"}],"wp:term":[{"taxonomy":"category","embeddable":true,"href":"https:\/\/terra.ufpr.br\/laboclima\/wp-json\/wp\/v2\/categories?post=2305"},{"taxonomy":"post_tag","embeddable":true,"href":"https:\/\/terra.ufpr.br\/laboclima\/wp-json\/wp\/v2\/tags?post=2305"}],"curies":[{"name":"wp","href":"https:\/\/api.w.org\/{rel}","templated":true}]}}