{"id":2406,"date":"2020-07-24T17:57:14","date_gmt":"2020-07-24T20:57:14","guid":{"rendered":"https:\/\/terra.ufpr.br\/laboclima\/?p=2406"},"modified":"2021-03-18T18:32:41","modified_gmt":"2021-03-18T21:32:41","slug":"extensao-e-cultura-sistema-criado-pelo-laboclima-da-ufpr-alerta-sobre-tempo-que-favorece-novo-coronavirus-no-parana","status":"publish","type":"post","link":"https:\/\/terra.ufpr.br\/laboclima\/2020\/07\/24\/extensao-e-cultura-sistema-criado-pelo-laboclima-da-ufpr-alerta-sobre-tempo-que-favorece-novo-coronavirus-no-parana\/","title":{"rendered":"Extens\u00e3o e Cultura: &#8220;Sistema criado pelo LaboClima da UFPR alerta sobre tempo que favorece novo coronav\u00edrus no Paran\u00e1&#8221;"},"content":{"rendered":"\n<p>Foi publicado ontem no <a href=\"https:\/\/www.ufpr.brufpr\/noticias\/sistema-criado-pelo-laboclima-da-ufpr-alerta-sobre-tempo-que-favorece-novo-coronavirus-no-parana\/\">Portal da UFPR<\/a>, com o tema Extens\u00e3o e Cultura, uma not\u00edcia apresentando e divulgando o SACER &#8211; Sistema de Alerta Clim\u00e1tico para Enfermidades Respirat\u00f3rias desenvolvido pelo LaboClima\/UFPR. A reportagem contou com a participa\u00e7\u00e3o do professor Dr. Wilson Flavio Feltrim Roseghini e contribuir para difundir os mapas e conhecimentos produzidos atrav\u00e9s das pesquisas no laborat\u00f3rio.<\/p>\n\n\n\n<p style=\"text-align:right\">A Reportagem completa pode ser conferida <a href=\"https:\/\/www.ufpr.brufpr\/noticias\/sistema-criado-pelo-laboclima-da-ufpr-alerta-sobre-tempo-que-favorece-novo-coronavirus-no-parana\/\">AQUI<\/a>.<\/p>\n\n\n\n<p>O LaboClima\/UFPR agradece a divulga\u00e7\u00e3o da not\u00edcia e aproveita para convidar a todos(as) para ler a reportagem completa divulgada no dia 23 de julho no <a href=\"https:\/\/www.ufpr.brufpr\/noticias\/sistema-criado-pelo-laboclima-da-ufpr-alerta-sobre-tempo-que-favorece-novo-coronavirus-no-parana\/\">website da UFPR<\/a>.<\/p>\n","protected":false},"excerpt":{"rendered":"<p>Foi publicado ontem no Portal da UFPR, com o tema Extens\u00e3o e Cultura, uma not\u00edcia apresentando e divulgando o SACER &#8211; Sistema de Alerta Clim\u00e1tico para Enfermidades Respirat\u00f3rias desenvolvido pelo LaboClima\/UFPR. A reportagem contou com a participa\u00e7\u00e3o do professor Dr. Wilson Flavio Feltrim Roseghini e contribuir para difundir os mapas e conhecimentos produzidos atrav\u00e9s das [&hellip;]<\/p>\n","protected":false},"author":1324,"featured_media":0,"comment_status":"open","ping_status":"open","sticky":true,"template":"","format":"standard","meta":{"footnotes":""},"categories":[4],"tags":[],"class_list":["post-2406","post","type-post","status-publish","format-standard","hentry","category-noticia"],"_links":{"self":[{"href":"https:\/\/terra.ufpr.br\/laboclima\/wp-json\/wp\/v2\/posts\/2406"}],"collection":[{"href":"https:\/\/terra.ufpr.br\/laboclima\/wp-json\/wp\/v2\/posts"}],"about":[{"href":"https:\/\/terra.ufpr.br\/laboclima\/wp-json\/wp\/v2\/types\/post"}],"author":[{"embeddable":true,"href":"https:\/\/terra.ufpr.br\/laboclima\/wp-json\/wp\/v2\/users\/1324"}],"replies":[{"embeddable":true,"href":"https:\/\/terra.ufpr.br\/laboclima\/wp-json\/wp\/v2\/comments?post=2406"}],"version-history":[{"count":7,"href":"https:\/\/terra.ufpr.br\/laboclima\/wp-json\/wp\/v2\/posts\/2406\/revisions"}],"predecessor-version":[{"id":3243,"href":"https:\/\/terra.ufpr.br\/laboclima\/wp-json\/wp\/v2\/posts\/2406\/revisions\/3243"}],"wp:attachment":[{"href":"https:\/\/terra.ufpr.br\/laboclima\/wp-json\/wp\/v2\/media?parent=2406"}],"wp:term":[{"taxonomy":"category","embeddable":true,"href":"https:\/\/terra.ufpr.br\/laboclima\/wp-json\/wp\/v2\/categories?post=2406"},{"taxonomy":"post_tag","embeddable":true,"href":"https:\/\/terra.ufpr.br\/laboclima\/wp-json\/wp\/v2\/tags?post=2406"}],"curies":[{"name":"wp","href":"https:\/\/api.w.org\/{rel}","templated":true}]}}