{"id":2523,"date":"2020-08-25T19:07:28","date_gmt":"2020-08-25T22:07:28","guid":{"rendered":"https:\/\/terra.ufpr.br\/laboclima\/?p=2523"},"modified":"2020-08-25T19:07:28","modified_gmt":"2020-08-25T22:07:28","slug":"quintas-geograficas-novas-perspectivas-e-abordagens-na-climatologia","status":"publish","type":"post","link":"https:\/\/terra.ufpr.br\/laboclima\/2020\/08\/25\/quintas-geograficas-novas-perspectivas-e-abordagens-na-climatologia\/","title":{"rendered":"Quintas Geogr\u00e1ficas: &#8220;Novas Perspectivas e Abordagens na Climatologia&#8221;"},"content":{"rendered":"\n<p>No dia 27 de agosto de 2020, \u00e0s 10 hrs, ir\u00e1 ocorrer a Live &#8220;Novas Perspectivas e Abordagens na Climatologia&#8221;, como parte do projeto Quintas Geogr\u00e1ficas do Grupo Genat\/UFRN. A atividade contar\u00e1 com a presen\u00e7a e participa\u00e7\u00e3o do professor Dr. Francisco de Assis Mendon\u00e7a (coordena\u00e7\u00e3o do LaboClima\/UFPR), al\u00e9m dos professores Charlei Aparecido da Silva (UFMS), Prof. Ranyere N\u00f3brega (UFPE) e Prof. J\u00f3rio Cabral (UFAL).<\/p>\n\n\n\n<figure class=\"wp-block-image\"><img loading=\"lazy\" decoding=\"async\" width=\"1024\" height=\"1024\" src=\"https:\/\/terra.ufpr.br\/laboclima\/wp-content\/uploads\/sites\/3\/2020\/08\/118066453_1982452511886333_7646010813137736426_o-1024x1024.jpg\" alt=\"\" class=\"wp-image-2526\" srcset=\"https:\/\/terra.ufpr.br\/laboclima\/wp-content\/uploads\/sites\/3\/2020\/08\/118066453_1982452511886333_7646010813137736426_o-1024x1024.jpg 1024w, https:\/\/terra.ufpr.br\/laboclima\/wp-content\/uploads\/sites\/3\/2020\/08\/118066453_1982452511886333_7646010813137736426_o-150x150.jpg 150w, https:\/\/terra.ufpr.br\/laboclima\/wp-content\/uploads\/sites\/3\/2020\/08\/118066453_1982452511886333_7646010813137736426_o-300x300.jpg 300w, https:\/\/terra.ufpr.br\/laboclima\/wp-content\/uploads\/sites\/3\/2020\/08\/118066453_1982452511886333_7646010813137736426_o-768x768.jpg 768w, https:\/\/terra.ufpr.br\/laboclima\/wp-content\/uploads\/sites\/3\/2020\/08\/118066453_1982452511886333_7646010813137736426_o.jpg 1080w\" sizes=\"(max-width: 1024px) 100vw, 1024px\" \/><figcaption>Cartaz de divulga\u00e7\u00e3o da <a href=\"https:\/\/www.youtube.com\/c\/GENATUFRN\/featured\">Live<\/a><\/figcaption><\/figure>\n\n\n\n<p>A transmiss\u00e3o ser\u00e1 ao vivo pelo <a href=\"https:\/\/www.facebook.com\/genat.pesquisa.cnpq\">Facebook<\/a> e <a href=\"https:\/\/www.youtube.com\/GENATUFRN\">YouTube do Genat\/UFRN<\/a>. O LaboClima aproveita para convidar todas e todos para assistir a atividade!<\/p>\n","protected":false},"excerpt":{"rendered":"<p>No dia 27 de agosto de 2020, \u00e0s 10 hrs, ir\u00e1 ocorrer a Live &#8220;Novas Perspectivas e Abordagens na Climatologia&#8221;, como parte do projeto Quintas Geogr\u00e1ficas do Grupo Genat\/UFRN. A atividade contar\u00e1 com a presen\u00e7a e participa\u00e7\u00e3o do professor Dr. Francisco de Assis Mendon\u00e7a (coordena\u00e7\u00e3o do LaboClima\/UFPR), al\u00e9m dos professores Charlei Aparecido da Silva (UFMS), [&hellip;]<\/p>\n","protected":false},"author":1324,"featured_media":0,"comment_status":"open","ping_status":"open","sticky":true,"template":"","format":"standard","meta":{"footnotes":""},"categories":[2],"tags":[],"class_list":["post-2523","post","type-post","status-publish","format-standard","hentry","category-informativo"],"_links":{"self":[{"href":"https:\/\/terra.ufpr.br\/laboclima\/wp-json\/wp\/v2\/posts\/2523"}],"collection":[{"href":"https:\/\/terra.ufpr.br\/laboclima\/wp-json\/wp\/v2\/posts"}],"about":[{"href":"https:\/\/terra.ufpr.br\/laboclima\/wp-json\/wp\/v2\/types\/post"}],"author":[{"embeddable":true,"href":"https:\/\/terra.ufpr.br\/laboclima\/wp-json\/wp\/v2\/users\/1324"}],"replies":[{"embeddable":true,"href":"https:\/\/terra.ufpr.br\/laboclima\/wp-json\/wp\/v2\/comments?post=2523"}],"version-history":[{"count":1,"href":"https:\/\/terra.ufpr.br\/laboclima\/wp-json\/wp\/v2\/posts\/2523\/revisions"}],"predecessor-version":[{"id":2527,"href":"https:\/\/terra.ufpr.br\/laboclima\/wp-json\/wp\/v2\/posts\/2523\/revisions\/2527"}],"wp:attachment":[{"href":"https:\/\/terra.ufpr.br\/laboclima\/wp-json\/wp\/v2\/media?parent=2523"}],"wp:term":[{"taxonomy":"category","embeddable":true,"href":"https:\/\/terra.ufpr.br\/laboclima\/wp-json\/wp\/v2\/categories?post=2523"},{"taxonomy":"post_tag","embeddable":true,"href":"https:\/\/terra.ufpr.br\/laboclima\/wp-json\/wp\/v2\/tags?post=2523"}],"curies":[{"name":"wp","href":"https:\/\/api.w.org\/{rel}","templated":true}]}}