{"id":3759,"date":"2021-06-22T16:51:43","date_gmt":"2021-06-22T19:51:43","guid":{"rendered":"https:\/\/terra.ufpr.br\/laboclima\/?p=3759"},"modified":"2021-08-29T19:46:59","modified_gmt":"2021-08-29T22:46:59","slug":"edital-2021-extensao","status":"publish","type":"post","link":"https:\/\/terra.ufpr.br\/laboclima\/2021\/06\/22\/edital-2021-extensao\/","title":{"rendered":"Edital 2021 &#8211; Extens\u00e3o"},"content":{"rendered":"\n<p> O Laborat\u00f3rio de Climatologia (LaboClima\/UFPR) est\u00e1 com inscri\u00e7\u00f5es abertas para bolsas de extens\u00e3o para os meses de julho a dezembro de 2021, concedida atrav\u00e9s do \u201cEDITAL PROEC\/UFPR 01\/2021\u201d, em car\u00e1ter remoto e em conson\u00e2ncia com as orienta\u00e7\u00f5es da comiss\u00e3o epidemiol\u00f3gica da UFPR. <\/p>\n\n\n\n<p>Os Editais s\u00e3o referentes aos projetos de extens\u00e3o \u201cA Esta\u00e7\u00e3o Meteorol\u00f3gica como ferramenta para Ensino, Pesquisa e Extens\u00e3o\u201d e &#8220;Monitoramento, Mapeamento e Alerta de Riscos Clim\u00e1ticos de Infec\u00e7\u00e3o e Contamina\u00e7\u00e3o por Enfermidades&#8221;, coordenados pelos professores Dr. Pedro Augusto Breda Font\u00e3o e Dr. Wilson Flavio Feltrim Roseghini. Segue logo abaixo os Editais com as informa\u00e7\u00f5es necess\u00e1rias para as inscri\u00e7\u00f5es: <\/p>\n\n\n\n<p><a href=\"https:\/\/drive.google.com\/file\/d\/1Yn3HSROP4ekloyfHAp76BDEf-hVVM2FF\/view?usp=sharing\">EDITAL LABOCLIMA 001-2021<\/a><\/p>\n\n\n\n<p><a href=\"https:\/\/drive.google.com\/file\/d\/10n3_AfxfVnQEKSV2JTqdF1nLQGNU1sku\/view?usp=sharing\">EDITAL LABOCLIMA 002-2021<\/a><\/p>\n\n\n\n<p>Resultado Final: <a href=\"https:\/\/drive.google.com\/file\/d\/1SkGADRkHzrk3VfZc_X1Mn6oD2RCzbEtF\/view?usp=sharing\">RESULTADO DO EDITAL LABOCLIMA_001-2021<\/a> (<em>divulgado a partir de 24\/06\/2021<\/em>)<\/p>\n\n\n\n<p> Resultado Final: <a href=\"https:\/\/drive.google.com\/file\/d\/19KGYOYHdQe_fX9rmO5zBEFue8-7WxPkm\/view?usp=sharing\">RESULTADO DO EDITAL LABOCLIMA_002-2021<\/a> (<em>divulgado a partir de 24\/06\/2021<\/em>) <\/p>\n","protected":false},"excerpt":{"rendered":"<p>O Laborat\u00f3rio de Climatologia (LaboClima\/UFPR) est\u00e1 com inscri\u00e7\u00f5es abertas para bolsas de extens\u00e3o para os meses de julho a dezembro de 2021, concedida atrav\u00e9s do \u201cEDITAL PROEC\/UFPR 01\/2021\u201d, em car\u00e1ter remoto e em conson\u00e2ncia com as orienta\u00e7\u00f5es da comiss\u00e3o epidemiol\u00f3gica da UFPR. Os Editais s\u00e3o referentes aos projetos de extens\u00e3o \u201cA Esta\u00e7\u00e3o Meteorol\u00f3gica como ferramenta [&hellip;]<\/p>\n","protected":false},"author":1324,"featured_media":0,"comment_status":"open","ping_status":"open","sticky":false,"template":"","format":"standard","meta":{"footnotes":""},"categories":[1],"tags":[],"class_list":["post-3759","post","type-post","status-publish","format-standard","hentry","category-sem-categoria"],"_links":{"self":[{"href":"https:\/\/terra.ufpr.br\/laboclima\/wp-json\/wp\/v2\/posts\/3759"}],"collection":[{"href":"https:\/\/terra.ufpr.br\/laboclima\/wp-json\/wp\/v2\/posts"}],"about":[{"href":"https:\/\/terra.ufpr.br\/laboclima\/wp-json\/wp\/v2\/types\/post"}],"author":[{"embeddable":true,"href":"https:\/\/terra.ufpr.br\/laboclima\/wp-json\/wp\/v2\/users\/1324"}],"replies":[{"embeddable":true,"href":"https:\/\/terra.ufpr.br\/laboclima\/wp-json\/wp\/v2\/comments?post=3759"}],"version-history":[{"count":6,"href":"https:\/\/terra.ufpr.br\/laboclima\/wp-json\/wp\/v2\/posts\/3759\/revisions"}],"predecessor-version":[{"id":4309,"href":"https:\/\/terra.ufpr.br\/laboclima\/wp-json\/wp\/v2\/posts\/3759\/revisions\/4309"}],"wp:attachment":[{"href":"https:\/\/terra.ufpr.br\/laboclima\/wp-json\/wp\/v2\/media?parent=3759"}],"wp:term":[{"taxonomy":"category","embeddable":true,"href":"https:\/\/terra.ufpr.br\/laboclima\/wp-json\/wp\/v2\/categories?post=3759"},{"taxonomy":"post_tag","embeddable":true,"href":"https:\/\/terra.ufpr.br\/laboclima\/wp-json\/wp\/v2\/tags?post=3759"}],"curies":[{"name":"wp","href":"https:\/\/api.w.org\/{rel}","templated":true}]}}