{"id":5712,"date":"2023-02-27T18:45:39","date_gmt":"2023-02-27T21:45:39","guid":{"rendered":"https:\/\/terra.ufpr.br\/laboclima\/?p=5712"},"modified":"2023-03-01T23:39:49","modified_gmt":"2023-03-02T02:39:49","slug":"prorrogacao-de-prazo-submissao-de-trabalhos-ate-o-dia-30-03-2023","status":"publish","type":"post","link":"https:\/\/terra.ufpr.br\/laboclima\/2023\/02\/27\/prorrogacao-de-prazo-submissao-de-trabalhos-ate-o-dia-30-03-2023\/","title":{"rendered":"Prorroga\u00e7\u00e3o de Prazo: Submiss\u00e3o de Trabalhos no XV SBCG at\u00e9 o dia 30\/03\/2023!"},"content":{"rendered":"\n<p>A Comiss\u00e3o Organizadora do <a href=\"https:\/\/www3.unicentro.br\/sbcg\/\">XV Simp\u00f3sio Brasileiro de Climatologia Geogr\u00e1fica<\/a> (XV SBCG) prorrogou o prazo para Submiss\u00e3o de Trabalhos no evento, sendo a nova data limite o dia <strong>30 de mar\u00e7o de 2023<\/strong>. Da mesma forma, o pagamento das inscri\u00e7\u00f5es com desconto (<em>primeiro lote<\/em>) tamb\u00e9m foi prorrogado, podendo ser feita at\u00e9 o final do m\u00eas de abril.<\/p>\n\n\n\n<figure class=\"wp-block-image\"><img decoding=\"async\" src=\"https:\/\/www3.unicentro.br\/sbcg\/wp-content\/uploads\/sites\/135\/2023\/01\/XVSBCG_Logo_Horizontal.jpg\" alt=\"\" \/><figcaption>XV SBCG &#8211; <a href=\"https:\/\/www3.unicentro.br\/sbcg\/\" target=\"_blank\" rel=\"noreferrer noopener\" aria-label=\"https:\/\/www3.unicentro.br\/sbcg\/ (abre em uma nova aba)\">https:\/\/www3.unicentro.br\/sbcg\/<\/a><\/figcaption><\/figure>\n\n\n\n<p>O Simp\u00f3sio ser\u00e1 entre os dias 31 de julho a 05 de agosto de 2023 em Guarapuava-PR. O LaboClima\/UFPR, representado por docentes e discentes, estar\u00e1 presente no evento, e aproveita para convidar todos\/as a participar e prestigiar o XV SBCG!<\/p>\n","protected":false},"excerpt":{"rendered":"<p>A Comiss\u00e3o Organizadora do XV Simp\u00f3sio Brasileiro de Climatologia Geogr\u00e1fica (XV SBCG) prorrogou o prazo para Submiss\u00e3o de Trabalhos no evento, sendo a nova data limite o dia 30 de mar\u00e7o de 2023. Da mesma forma, o pagamento das inscri\u00e7\u00f5es com desconto (primeiro lote) tamb\u00e9m foi prorrogado, podendo ser feita at\u00e9 o final do m\u00eas [&hellip;]<\/p>\n","protected":false},"author":1324,"featured_media":0,"comment_status":"open","ping_status":"open","sticky":false,"template":"","format":"standard","meta":{"footnotes":""},"categories":[4],"tags":[],"class_list":["post-5712","post","type-post","status-publish","format-standard","hentry","category-noticia"],"_links":{"self":[{"href":"https:\/\/terra.ufpr.br\/laboclima\/wp-json\/wp\/v2\/posts\/5712"}],"collection":[{"href":"https:\/\/terra.ufpr.br\/laboclima\/wp-json\/wp\/v2\/posts"}],"about":[{"href":"https:\/\/terra.ufpr.br\/laboclima\/wp-json\/wp\/v2\/types\/post"}],"author":[{"embeddable":true,"href":"https:\/\/terra.ufpr.br\/laboclima\/wp-json\/wp\/v2\/users\/1324"}],"replies":[{"embeddable":true,"href":"https:\/\/terra.ufpr.br\/laboclima\/wp-json\/wp\/v2\/comments?post=5712"}],"version-history":[{"count":3,"href":"https:\/\/terra.ufpr.br\/laboclima\/wp-json\/wp\/v2\/posts\/5712\/revisions"}],"predecessor-version":[{"id":5720,"href":"https:\/\/terra.ufpr.br\/laboclima\/wp-json\/wp\/v2\/posts\/5712\/revisions\/5720"}],"wp:attachment":[{"href":"https:\/\/terra.ufpr.br\/laboclima\/wp-json\/wp\/v2\/media?parent=5712"}],"wp:term":[{"taxonomy":"category","embeddable":true,"href":"https:\/\/terra.ufpr.br\/laboclima\/wp-json\/wp\/v2\/categories?post=5712"},{"taxonomy":"post_tag","embeddable":true,"href":"https:\/\/terra.ufpr.br\/laboclima\/wp-json\/wp\/v2\/tags?post=5712"}],"curies":[{"name":"wp","href":"https:\/\/api.w.org\/{rel}","templated":true}]}}