{"id":6976,"date":"2026-03-13T17:39:07","date_gmt":"2026-03-13T20:39:07","guid":{"rendered":"https:\/\/terra.ufpr.br\/laboclima\/?p=6976"},"modified":"2026-03-25T19:26:39","modified_gmt":"2026-03-25T22:26:39","slug":"edital-laboclima-001-2026-chamada-para-novos-alunos-no-projeto-licenciar","status":"publish","type":"post","link":"https:\/\/terra.ufpr.br\/laboclima\/2026\/03\/13\/edital-laboclima-001-2026-chamada-para-novos-alunos-no-projeto-licenciar\/","title":{"rendered":"Edital LABOCLIMA 001-2026 \u2013 Chamada para novos alunos no Projeto Licenciar"},"content":{"rendered":"\n<p>O Laborat\u00f3rio de Climatologia (LaboClima\/UFPR) est\u00e1 com inscri\u00e7\u00f5es abertas, preferencialmente para alunos do curso de Geografia, participarem do laborat\u00f3rio e atuarem no Projeto Licenciar &#8220;Nimbus na Educa\u00e7\u00e3o B\u00e1sica: o ensino do Clima da teoria \u00e0 pr\u00e1tica&#8221;. Segue logo abaixo o Edital com as informa\u00e7\u00f5es necess\u00e1rias para as inscri\u00e7\u00f5es:<\/p>\n\n\n\n<p class=\"has-text-align-center\"><strong><a href=\"https:\/\/drive.google.com\/file\/d\/1DUAae9dnw15u5ymLFzZA2PLjVLyIH9nB\/view?usp=sharing\" data-type=\"link\" data-id=\"https:\/\/drive.google.com\/file\/d\/1DUAae9dnw15u5ymLFzZA2PLjVLyIH9nB\/view?usp=sharing\">EDITAL LABOCLIMA_001-2026<\/a><\/strong> (13\/03\/2026)<\/p>\n\n\n\n<p class=\"has-text-align-center\"><a href=\"https:\/\/drive.google.com\/file\/d\/1xlm_6wrnJ_hZ6SFOy95nybRn5JCTTKkq\/view\" data-type=\"link\" data-id=\"https:\/\/drive.google.com\/file\/d\/1xlm_6wrnJ_hZ6SFOy95nybRn5JCTTKkq\/view\"><strong>RESULTADO &#8211; EDITAL LABOCLIMA 001-2026<\/strong><\/a> (25-03-2026)<\/p>\n\n\n\n<p><\/p>\n","protected":false},"excerpt":{"rendered":"<p>O Laborat\u00f3rio de Climatologia (LaboClima\/UFPR) est\u00e1 com inscri\u00e7\u00f5es abertas, preferencialmente para alunos do curso de Geografia, participarem do laborat\u00f3rio e atuarem no Projeto Licenciar &#8220;Nimbus na Educa\u00e7\u00e3o B\u00e1sica: o ensino do Clima da teoria \u00e0 pr\u00e1tica&#8221;. Segue logo abaixo o Edital com as informa\u00e7\u00f5es necess\u00e1rias para as inscri\u00e7\u00f5es: EDITAL LABOCLIMA_001-2026 (13\/03\/2026) RESULTADO &#8211; EDITAL LABOCLIMA [&hellip;]<\/p>\n","protected":false},"author":1324,"featured_media":0,"comment_status":"open","ping_status":"open","sticky":false,"template":"","format":"standard","meta":{"footnotes":""},"categories":[2,1],"tags":[],"class_list":["post-6976","post","type-post","status-publish","format-standard","hentry","category-informativo","category-sem-categoria"],"_links":{"self":[{"href":"https:\/\/terra.ufpr.br\/laboclima\/wp-json\/wp\/v2\/posts\/6976"}],"collection":[{"href":"https:\/\/terra.ufpr.br\/laboclima\/wp-json\/wp\/v2\/posts"}],"about":[{"href":"https:\/\/terra.ufpr.br\/laboclima\/wp-json\/wp\/v2\/types\/post"}],"author":[{"embeddable":true,"href":"https:\/\/terra.ufpr.br\/laboclima\/wp-json\/wp\/v2\/users\/1324"}],"replies":[{"embeddable":true,"href":"https:\/\/terra.ufpr.br\/laboclima\/wp-json\/wp\/v2\/comments?post=6976"}],"version-history":[{"count":2,"href":"https:\/\/terra.ufpr.br\/laboclima\/wp-json\/wp\/v2\/posts\/6976\/revisions"}],"predecessor-version":[{"id":6989,"href":"https:\/\/terra.ufpr.br\/laboclima\/wp-json\/wp\/v2\/posts\/6976\/revisions\/6989"}],"wp:attachment":[{"href":"https:\/\/terra.ufpr.br\/laboclima\/wp-json\/wp\/v2\/media?parent=6976"}],"wp:term":[{"taxonomy":"category","embeddable":true,"href":"https:\/\/terra.ufpr.br\/laboclima\/wp-json\/wp\/v2\/categories?post=6976"},{"taxonomy":"post_tag","embeddable":true,"href":"https:\/\/terra.ufpr.br\/laboclima\/wp-json\/wp\/v2\/tags?post=6976"}],"curies":[{"name":"wp","href":"https:\/\/api.w.org\/{rel}","templated":true}]}}