{"id":7014,"date":"2026-04-29T16:40:21","date_gmt":"2026-04-29T19:40:21","guid":{"rendered":"https:\/\/terra.ufpr.br\/laboclima\/?p=7014"},"modified":"2026-04-29T16:40:40","modified_gmt":"2026-04-29T19:40:40","slug":"xxxiii-semana-do-meio-ambiente-unespar","status":"publish","type":"post","link":"https:\/\/terra.ufpr.br\/laboclima\/2026\/04\/29\/xxxiii-semana-do-meio-ambiente-unespar\/","title":{"rendered":"XXXIII Semana do Meio Ambiente (Unespar)"},"content":{"rendered":"\n<p>Segue o cartaz de divulga\u00e7\u00e3o do evento &#8220;XXXIII Semana do Meio Ambiente&#8221;, que ocorrer\u00e1 na Unespar, campus de Uni\u00e3o da Vit\u00f3ria &#8211; PR, com a participa\u00e7\u00e3o de pesquisadores ligados ao LaboClima\/UFPR:<\/p>\n\n\n\n<figure class=\"wp-block-image size-large is-resized\"><img loading=\"lazy\" decoding=\"async\" width=\"819\" height=\"1024\" src=\"https:\/\/terra.ufpr.br\/laboclima\/wp-content\/uploads\/sites\/3\/2026\/04\/XXXIII-Semana-do-Meio-Ambiente-819x1024.png\" alt=\"\" class=\"wp-image-7015\" style=\"width:840px;height:auto\" srcset=\"https:\/\/terra.ufpr.br\/laboclima\/wp-content\/uploads\/sites\/3\/2026\/04\/XXXIII-Semana-do-Meio-Ambiente-819x1024.png 819w, https:\/\/terra.ufpr.br\/laboclima\/wp-content\/uploads\/sites\/3\/2026\/04\/XXXIII-Semana-do-Meio-Ambiente-240x300.png 240w, https:\/\/terra.ufpr.br\/laboclima\/wp-content\/uploads\/sites\/3\/2026\/04\/XXXIII-Semana-do-Meio-Ambiente-768x960.png 768w, https:\/\/terra.ufpr.br\/laboclima\/wp-content\/uploads\/sites\/3\/2026\/04\/XXXIII-Semana-do-Meio-Ambiente.png 1080w\" sizes=\"(max-width: 819px) 100vw, 819px\" \/><\/figure>\n\n\n\n<p><\/p>\n","protected":false},"excerpt":{"rendered":"<p>Segue o cartaz de divulga\u00e7\u00e3o do evento &#8220;XXXIII Semana do Meio Ambiente&#8221;, que ocorrer\u00e1 na Unespar, campus de Uni\u00e3o da Vit\u00f3ria &#8211; PR, com a participa\u00e7\u00e3o de pesquisadores ligados ao LaboClima\/UFPR:<\/p>\n","protected":false},"author":1324,"featured_media":0,"comment_status":"open","ping_status":"open","sticky":false,"template":"","format":"standard","meta":{"footnotes":""},"categories":[2],"tags":[],"class_list":["post-7014","post","type-post","status-publish","format-standard","hentry","category-informativo"],"_links":{"self":[{"href":"https:\/\/terra.ufpr.br\/laboclima\/wp-json\/wp\/v2\/posts\/7014"}],"collection":[{"href":"https:\/\/terra.ufpr.br\/laboclima\/wp-json\/wp\/v2\/posts"}],"about":[{"href":"https:\/\/terra.ufpr.br\/laboclima\/wp-json\/wp\/v2\/types\/post"}],"author":[{"embeddable":true,"href":"https:\/\/terra.ufpr.br\/laboclima\/wp-json\/wp\/v2\/users\/1324"}],"replies":[{"embeddable":true,"href":"https:\/\/terra.ufpr.br\/laboclima\/wp-json\/wp\/v2\/comments?post=7014"}],"version-history":[{"count":1,"href":"https:\/\/terra.ufpr.br\/laboclima\/wp-json\/wp\/v2\/posts\/7014\/revisions"}],"predecessor-version":[{"id":7016,"href":"https:\/\/terra.ufpr.br\/laboclima\/wp-json\/wp\/v2\/posts\/7014\/revisions\/7016"}],"wp:attachment":[{"href":"https:\/\/terra.ufpr.br\/laboclima\/wp-json\/wp\/v2\/media?parent=7014"}],"wp:term":[{"taxonomy":"category","embeddable":true,"href":"https:\/\/terra.ufpr.br\/laboclima\/wp-json\/wp\/v2\/categories?post=7014"},{"taxonomy":"post_tag","embeddable":true,"href":"https:\/\/terra.ufpr.br\/laboclima\/wp-json\/wp\/v2\/tags?post=7014"}],"curies":[{"name":"wp","href":"https:\/\/api.w.org\/{rel}","templated":true}]}}