{"id":862,"date":"2019-09-09T18:37:44","date_gmt":"2019-09-09T21:37:44","guid":{"rendered":"https:\/\/terra.ufpr.br\/laboclima\/?p=862"},"modified":"2019-09-09T18:41:18","modified_gmt":"2019-09-09T21:41:18","slug":"33-coloquio-anual-da-association-internationale-de-climatologie-aic-rennes-franca","status":"publish","type":"post","link":"https:\/\/terra.ufpr.br\/laboclima\/2019\/09\/09\/33-coloquio-anual-da-association-internationale-de-climatologie-aic-rennes-franca\/","title":{"rendered":"33\u00b0 Col\u00f3quio Anual da Association Internationale de Climatologie &#8211; AIC (Rennes, Fran\u00e7a)"},"content":{"rendered":"\n<p>A trig\u00e9sima terceira edi\u00e7\u00e3o do <em>33\u00e8me colloque annuel international de l\u2019Association Internationale de Climatologie<\/em> ocorrer\u00e1 em Rennes, na Fran\u00e7a, entre os dias 1 a 4 de julho de 2020. <\/p>\n\n\n\n<p>Hoje foi publicado o site oficial contendo as informa\u00e7\u00f5es e detalhes do evento, que podem ser conferidos clicando <a href=\"https:\/\/aic2020rennes.sciencesconf.org\">AQUI<\/a>. O tema oficial do col\u00f3quio ser\u00e1 &#8216;<em>Changement climatique et Territoires<\/em>&#8216;, e a data limite para o envio dos Resumos (de inten\u00e7\u00e3o) e das fichas de inscri\u00e7\u00e3o \u00e9 22 de novembro de 2019.<\/p>\n","protected":false},"excerpt":{"rendered":"<p>A trig\u00e9sima terceira edi\u00e7\u00e3o do 33\u00e8me colloque annuel international de l\u2019Association Internationale de Climatologie ocorrer\u00e1 em Rennes, na Fran\u00e7a, entre os dias 1 a 4 de julho de 2020. Hoje foi publicado o site oficial contendo as informa\u00e7\u00f5es e detalhes do evento, que podem ser conferidos clicando AQUI. O tema oficial do col\u00f3quio ser\u00e1 &#8216;Changement [&hellip;]<\/p>\n","protected":false},"author":1324,"featured_media":865,"comment_status":"open","ping_status":"open","sticky":true,"template":"","format":"standard","meta":{"footnotes":""},"categories":[2],"tags":[],"class_list":["post-862","post","type-post","status-publish","format-standard","has-post-thumbnail","hentry","category-informativo"],"_links":{"self":[{"href":"https:\/\/terra.ufpr.br\/laboclima\/wp-json\/wp\/v2\/posts\/862"}],"collection":[{"href":"https:\/\/terra.ufpr.br\/laboclima\/wp-json\/wp\/v2\/posts"}],"about":[{"href":"https:\/\/terra.ufpr.br\/laboclima\/wp-json\/wp\/v2\/types\/post"}],"author":[{"embeddable":true,"href":"https:\/\/terra.ufpr.br\/laboclima\/wp-json\/wp\/v2\/users\/1324"}],"replies":[{"embeddable":true,"href":"https:\/\/terra.ufpr.br\/laboclima\/wp-json\/wp\/v2\/comments?post=862"}],"version-history":[{"count":4,"href":"https:\/\/terra.ufpr.br\/laboclima\/wp-json\/wp\/v2\/posts\/862\/revisions"}],"predecessor-version":[{"id":880,"href":"https:\/\/terra.ufpr.br\/laboclima\/wp-json\/wp\/v2\/posts\/862\/revisions\/880"}],"wp:featuredmedia":[{"embeddable":true,"href":"https:\/\/terra.ufpr.br\/laboclima\/wp-json\/wp\/v2\/media\/865"}],"wp:attachment":[{"href":"https:\/\/terra.ufpr.br\/laboclima\/wp-json\/wp\/v2\/media?parent=862"}],"wp:term":[{"taxonomy":"category","embeddable":true,"href":"https:\/\/terra.ufpr.br\/laboclima\/wp-json\/wp\/v2\/categories?post=862"},{"taxonomy":"post_tag","embeddable":true,"href":"https:\/\/terra.ufpr.br\/laboclima\/wp-json\/wp\/v2\/tags?post=862"}],"curies":[{"name":"wp","href":"https:\/\/api.w.org\/{rel}","templated":true}]}}